{"id":989575,"date":"2024-09-20T10:56:51","date_gmt":"2024-09-20T08:56:51","guid":{"rendered":"https:\/\/tedra.com\/?p=989575"},"modified":"2024-09-20T11:09:02","modified_gmt":"2024-09-20T09:09:02","slug":"tedra-lanza-su-nueva-web","status":"publish","type":"post","link":"https:\/\/tedra.com\/es\/tedra-lanza-su-nueva-web\/","title":{"rendered":"Tedra lanza su nueva web"},"content":{"rendered":"\t\t<div data-elementor-type=\"wp-post\" data-elementor-id=\"989575\" class=\"elementor elementor-989575\" data-elementor-post-type=\"post\">\n\t\t\t\t\t\t<section class=\"elementor-section elementor-top-section elementor-element elementor-element-4ab5ada elementor-section-boxed elementor-section-height-default elementor-section-height-default\" data-id=\"4ab5ada\" data-element_type=\"section\">\n\t\t\t\t\t\t<div class=\"elementor-container elementor-column-gap-no\">\n\t\t\t\t\t<div class=\"elementor-column elementor-col-100 elementor-top-column elementor-element elementor-element-71b44fb9\" data-id=\"71b44fb9\" data-element_type=\"column\">\n\t\t\t<div class=\"elementor-widget-wrap elementor-element-populated\">\n\t\t\t\t\t\t<div class=\"elementor-element elementor-element-3f8c620a elementor-widget__width-initial elementor-widget elementor-widget-text-editor\" data-id=\"3f8c620a\" data-element_type=\"widget\" data-widget_type=\"text-editor.default\">\n\t\t\t\t<div class=\"elementor-widget-container\">\n\t\t\t\t\t\t\t\t\t<p><span style=\"font-weight: 400;\">En Tedra, estamos encantados de anunciar el lanzamiento de nuestra nueva p\u00e1gina web, que adem\u00e1s coincide con la celebraci\u00f3n de nuestro 12\u00ba aniversario. Este hito marca un momento importante para nosotros y refleja nuestro compromiso continuo con la innovaci\u00f3n y la excelencia.<\/span><\/p><p><span style=\"font-weight: 400;\">Nuestro nuevo espacio no solo refleja la evoluci\u00f3n de la compa\u00f1\u00eda, sino que tambi\u00e9n encapsula a la perfecci\u00f3n nuestra esencia como \u201cArquitectos de tranquilidad tecnol\u00f3gica\u201d.\u00a0<\/span><\/p><p><span style=\"font-weight: 400;\">Queremos que nuestros clientes operen sin barreras tecnol\u00f3gicas y se centren en lo que de verdad importa, en hacer crecer sus negocios, con la tecnolog\u00eda como impulsor y no como barrera.\u00a0<\/span><\/p><p><span style=\"font-weight: 400;\">Nuestra nueva web es m\u00e1s que un redise\u00f1o est\u00e9tico; es una representaci\u00f3n de nuestra madurez y capacidad de innovaci\u00f3n que han ido creciendo a\u00f1o tras a\u00f1o.<\/span><\/p><p><span style=\"font-weight: 400;\">Hemos mejorado la navegaci\u00f3n, haci\u00e9ndola m\u00e1s intuitiva y clara, con secciones detalladas sobre nuestras \u00e1reas clave: ciberseguridad, servicios cloud, conectividad, voz y colaboraci\u00f3n y servicios gestionados.\u00a0<\/span><\/p><p><span style=\"font-weight: 400;\">En particular, destaca nuestra red de Data Centers, con presencia en Madrid, Barcelona, Bilbao (2), y Le\u00f3n, este \u00faltimo siendo el \u00fanico Data Center comercial que es Carrier Neutral en Castilla y Le\u00f3n. El objetivo es crear una infraestructura hiperconectada a nivel global. <\/span><span style=\"font-weight: 400;\">Esto nos permite garantizar una conectividad r\u00e1pida y segura, maximizando la disponibilidad de los servicios en las \u00e1reas m\u00e1s importantes de Espa\u00f1a y de Europa.<\/span><\/p><p><span style=\"font-weight: 400;\">Otro gran cambio en nuestra web es la nueva secci\u00f3n dedicada exclusivamente al talento. En Tedra creemos que el equipo es nuestro mayor activo, y por ello, hemos implementado procesos de atracci\u00f3n y desarrollo de talento, reforzando nuestro compromiso con su crecimiento y bienestar. Todo ello se traduce en el nacimiento de nuestra \u00e1rea de Talent <\/span><span style=\"font-weight: 400;\">&amp; Culture <\/span><span style=\"font-weight: 400;\">para seguir cuidando y haciendo crecer a todo un equipo t\u00e9cnicamente inquieto que disfruta cada d\u00eda de la tecnolog\u00eda en Tedra.\u00a0<\/span><\/p><p><span style=\"font-weight: 400;\">Con este lanzamiento, nos posicionamos a\u00fan m\u00e1s como un socio tecnol\u00f3gico de confianza para empresas que buscan soluciones innovadoras y a medida. Nuestra web ahora ofrece una visi\u00f3n clara de nuestros valores y capacidades, reforzando nuestro enfoque centrado en el cliente y nuestro compromiso por ofrecer la mejor tecnolog\u00eda disponible.<\/span><\/p><p><span style=\"font-weight: 400;\">\u00a1Te invitamos a visitarla y conocer m\u00e1s sobre c\u00f3mo en Tedra estamos transformando el panorama tecnol\u00f3gico!<\/span><\/p><p><span style=\"font-weight: 400;\">Let\u00b4s Make I.T Happen.\u00a0<\/span><\/p>\t\t\t\t\t\t\t\t<\/div>\n\t\t\t\t<\/div>\n\t\t\t\t\t<\/div>\n\t\t<\/div>\n\t\t\t\t\t<\/div>\n\t\t<\/section>\n\t\t\t\t<\/div>\n\t\t","protected":false},"excerpt":{"rendered":"<p>La consultora tecnol\u00f3gica Tedra lanza su nueva web como reflejo de su crecimiento y evoluci\u00f3n tecnol\u00f3gica. <\/p>\n","protected":false},"author":3,"featured_media":989567,"comment_status":"closed","ping_status":"open","sticky":false,"template":"","format":"standard","meta":{"_monsterinsights_skip_tracking":false,"_monsterinsights_sitenote_active":false,"_monsterinsights_sitenote_note":"","_monsterinsights_sitenote_category":0,"footnotes":""},"categories":[1],"tags":[],"class_list":["post-989575","post","type-post","status-publish","format-standard","has-post-thumbnail","hentry","category-sin-categorizar"],"yoast_head":"<!-- This site is optimized with the Yoast SEO Premium plugin v25.9 (Yoast SEO v25.9) - https:\/\/yoast.com\/wordpress\/plugins\/seo\/ -->\n<title>Tedra lanza su nueva web - Tedra - Arquitectos de tranquilidad tecnol\u00f3gica<\/title>\n<meta name=\"robots\" content=\"index, follow, max-snippet:-1, max-image-preview:large, max-video-preview:-1\" \/>\n<link rel=\"canonical\" href=\"https:\/\/tedra.com\/es\/tedra-lanza-su-nueva-web\/\" \/>\n<meta property=\"og:locale\" content=\"es_ES\" \/>\n<meta property=\"og:type\" content=\"article\" \/>\n<meta property=\"og:title\" content=\"Tedra lanza su nueva web\" \/>\n<meta property=\"og:description\" content=\"La consultora tecnol\u00f3gica Tedra lanza su nueva web como reflejo de su crecimiento y evoluci\u00f3n tecnol\u00f3gica.\" \/>\n<meta property=\"og:url\" content=\"https:\/\/tedra.com\/es\/tedra-lanza-su-nueva-web\/\" \/>\n<meta property=\"og:site_name\" content=\"Tedra - Arquitectos de tranquilidad tecnol\u00f3gica\" \/>\n<meta property=\"article:publisher\" content=\"https:\/\/www.facebook.com\/tedragroup\" \/>\n<meta property=\"article:published_time\" content=\"2024-09-20T08:56:51+00:00\" \/>\n<meta property=\"article:modified_time\" content=\"2024-09-20T09:09:02+00:00\" \/>\n<meta property=\"og:image\" content=\"https:\/\/tedra.com\/wp-content\/uploads\/2023\/03\/tedra-nueva-web.png\" \/>\n\t<meta property=\"og:image:width\" content=\"1850\" \/>\n\t<meta property=\"og:image:height\" content=\"1070\" \/>\n\t<meta property=\"og:image:type\" content=\"image\/png\" \/>\n<meta name=\"author\" content=\"Nacho Vaquero\" \/>\n<meta name=\"twitter:card\" content=\"summary_large_image\" \/>\n<meta name=\"twitter:label1\" content=\"Escrito por\" \/>\n\t<meta name=\"twitter:data1\" content=\"Nacho Vaquero\" \/>\n\t<meta name=\"twitter:label2\" content=\"Tiempo de lectura\" \/>\n\t<meta name=\"twitter:data2\" content=\"2 minutos\" \/>\n<script type=\"application\/ld+json\" class=\"yoast-schema-graph\">{\"@context\":\"https:\/\/schema.org\",\"@graph\":[{\"@type\":\"Article\",\"@id\":\"https:\/\/tedra.com\/es\/tedra-lanza-su-nueva-web\/#article\",\"isPartOf\":{\"@id\":\"https:\/\/tedra.com\/es\/tedra-lanza-su-nueva-web\/\"},\"author\":{\"name\":\"Nacho Vaquero\",\"@id\":\"https:\/\/tedra.com\/es\/#\/schema\/person\/befa6996114cea6832143c81dcb36aad\"},\"headline\":\"Tedra lanza su nueva web\",\"datePublished\":\"2024-09-20T08:56:51+00:00\",\"dateModified\":\"2024-09-20T09:09:02+00:00\",\"mainEntityOfPage\":{\"@id\":\"https:\/\/tedra.com\/es\/tedra-lanza-su-nueva-web\/\"},\"wordCount\":412,\"publisher\":{\"@id\":\"https:\/\/tedra.com\/es\/#organization\"},\"image\":{\"@id\":\"https:\/\/tedra.com\/es\/tedra-lanza-su-nueva-web\/#primaryimage\"},\"thumbnailUrl\":\"https:\/\/tedra.com\/wp-content\/uploads\/2023\/03\/tedra-nueva-web.png\",\"articleSection\":[\"Sin categorizar\"],\"inLanguage\":\"es\"},{\"@type\":\"WebPage\",\"@id\":\"https:\/\/tedra.com\/es\/tedra-lanza-su-nueva-web\/\",\"url\":\"https:\/\/tedra.com\/es\/tedra-lanza-su-nueva-web\/\",\"name\":\"Tedra lanza su nueva web - Tedra - Arquitectos de tranquilidad tecnol\u00f3gica\",\"isPartOf\":{\"@id\":\"https:\/\/tedra.com\/es\/#website\"},\"primaryImageOfPage\":{\"@id\":\"https:\/\/tedra.com\/es\/tedra-lanza-su-nueva-web\/#primaryimage\"},\"image\":{\"@id\":\"https:\/\/tedra.com\/es\/tedra-lanza-su-nueva-web\/#primaryimage\"},\"thumbnailUrl\":\"https:\/\/tedra.com\/wp-content\/uploads\/2023\/03\/tedra-nueva-web.png\",\"datePublished\":\"2024-09-20T08:56:51+00:00\",\"dateModified\":\"2024-09-20T09:09:02+00:00\",\"breadcrumb\":{\"@id\":\"https:\/\/tedra.com\/es\/tedra-lanza-su-nueva-web\/#breadcrumb\"},\"inLanguage\":\"es\",\"potentialAction\":[{\"@type\":\"ReadAction\",\"target\":[\"https:\/\/tedra.com\/es\/tedra-lanza-su-nueva-web\/\"]}]},{\"@type\":\"ImageObject\",\"inLanguage\":\"es\",\"@id\":\"https:\/\/tedra.com\/es\/tedra-lanza-su-nueva-web\/#primaryimage\",\"url\":\"https:\/\/tedra.com\/wp-content\/uploads\/2023\/03\/tedra-nueva-web.png\",\"contentUrl\":\"https:\/\/tedra.com\/wp-content\/uploads\/2023\/03\/tedra-nueva-web.png\",\"width\":1850,\"height\":1070,\"caption\":\"tedra-nueva-web\"},{\"@type\":\"BreadcrumbList\",\"@id\":\"https:\/\/tedra.com\/es\/tedra-lanza-su-nueva-web\/#breadcrumb\",\"itemListElement\":[{\"@type\":\"ListItem\",\"position\":1,\"name\":\"Portada\",\"item\":\"https:\/\/tedra.com\/es\/\"},{\"@type\":\"ListItem\",\"position\":2,\"name\":\"Tedra lanza su nueva web\"}]},{\"@type\":\"WebSite\",\"@id\":\"https:\/\/tedra.com\/es\/#website\",\"url\":\"https:\/\/tedra.com\/es\/\",\"name\":\"Tedra - Arquitectos de tranquilidad tecnol\u00f3gica\",\"description\":\"\",\"publisher\":{\"@id\":\"https:\/\/tedra.com\/es\/#organization\"},\"potentialAction\":[{\"@type\":\"SearchAction\",\"target\":{\"@type\":\"EntryPoint\",\"urlTemplate\":\"https:\/\/tedra.com\/es\/?s={search_term_string}\"},\"query-input\":{\"@type\":\"PropertyValueSpecification\",\"valueRequired\":true,\"valueName\":\"search_term_string\"}}],\"inLanguage\":\"es\"},{\"@type\":\"Organization\",\"@id\":\"https:\/\/tedra.com\/es\/#organization\",\"name\":\"Tedra - Arquitectos de tranquilidad tecnol\u00f3gica\",\"url\":\"https:\/\/tedra.com\/es\/\",\"logo\":{\"@type\":\"ImageObject\",\"inLanguage\":\"es\",\"@id\":\"https:\/\/tedra.com\/es\/#\/schema\/logo\/image\/\",\"url\":\"https:\/\/tedra.com\/wp-content\/uploads\/2023\/03\/logotipo_tedra_retina2x_color.png\",\"contentUrl\":\"https:\/\/tedra.com\/wp-content\/uploads\/2023\/03\/logotipo_tedra_retina2x_color.png\",\"width\":1638,\"height\":406,\"caption\":\"Tedra - Arquitectos de tranquilidad tecnol\u00f3gica\"},\"image\":{\"@id\":\"https:\/\/tedra.com\/es\/#\/schema\/logo\/image\/\"},\"sameAs\":[\"https:\/\/www.facebook.com\/tedragroup\"]},{\"@type\":\"Person\",\"@id\":\"https:\/\/tedra.com\/es\/#\/schema\/person\/befa6996114cea6832143c81dcb36aad\",\"name\":\"Nacho Vaquero\",\"image\":{\"@type\":\"ImageObject\",\"inLanguage\":\"es\",\"@id\":\"https:\/\/tedra.com\/es\/#\/schema\/person\/image\/\",\"url\":\"https:\/\/secure.gravatar.com\/avatar\/4630661022a0927ada757417483ae53eb0ad1acb68a6ee6dc8269919410aa046?s=96&d=mm&r=g\",\"contentUrl\":\"https:\/\/secure.gravatar.com\/avatar\/4630661022a0927ada757417483ae53eb0ad1acb68a6ee6dc8269919410aa046?s=96&d=mm&r=g\",\"caption\":\"Nacho Vaquero\"},\"url\":\"https:\/\/tedra.com\/es\/author\/nvaquero\/\"}]}<\/script>\n<!-- \/ Yoast SEO Premium plugin. -->","yoast_head_json":{"title":"Tedra lanza su nueva web - Tedra - Arquitectos de tranquilidad tecnol\u00f3gica","robots":{"index":"index","follow":"follow","max-snippet":"max-snippet:-1","max-image-preview":"max-image-preview:large","max-video-preview":"max-video-preview:-1"},"canonical":"https:\/\/tedra.com\/es\/tedra-lanza-su-nueva-web\/","og_locale":"es_ES","og_type":"article","og_title":"Tedra lanza su nueva web","og_description":"La consultora tecnol\u00f3gica Tedra lanza su nueva web como reflejo de su crecimiento y evoluci\u00f3n tecnol\u00f3gica.","og_url":"https:\/\/tedra.com\/es\/tedra-lanza-su-nueva-web\/","og_site_name":"Tedra - Arquitectos de tranquilidad tecnol\u00f3gica","article_publisher":"https:\/\/www.facebook.com\/tedragroup","article_published_time":"2024-09-20T08:56:51+00:00","article_modified_time":"2024-09-20T09:09:02+00:00","og_image":[{"width":1850,"height":1070,"url":"https:\/\/tedra.com\/wp-content\/uploads\/2023\/03\/tedra-nueva-web.png","type":"image\/png"}],"author":"Nacho Vaquero","twitter_card":"summary_large_image","twitter_misc":{"Escrito por":"Nacho Vaquero","Tiempo de lectura":"2 minutos"},"schema":{"@context":"https:\/\/schema.org","@graph":[{"@type":"Article","@id":"https:\/\/tedra.com\/es\/tedra-lanza-su-nueva-web\/#article","isPartOf":{"@id":"https:\/\/tedra.com\/es\/tedra-lanza-su-nueva-web\/"},"author":{"name":"Nacho Vaquero","@id":"https:\/\/tedra.com\/es\/#\/schema\/person\/befa6996114cea6832143c81dcb36aad"},"headline":"Tedra lanza su nueva web","datePublished":"2024-09-20T08:56:51+00:00","dateModified":"2024-09-20T09:09:02+00:00","mainEntityOfPage":{"@id":"https:\/\/tedra.com\/es\/tedra-lanza-su-nueva-web\/"},"wordCount":412,"publisher":{"@id":"https:\/\/tedra.com\/es\/#organization"},"image":{"@id":"https:\/\/tedra.com\/es\/tedra-lanza-su-nueva-web\/#primaryimage"},"thumbnailUrl":"https:\/\/tedra.com\/wp-content\/uploads\/2023\/03\/tedra-nueva-web.png","articleSection":["Sin categorizar"],"inLanguage":"es"},{"@type":"WebPage","@id":"https:\/\/tedra.com\/es\/tedra-lanza-su-nueva-web\/","url":"https:\/\/tedra.com\/es\/tedra-lanza-su-nueva-web\/","name":"Tedra lanza su nueva web - Tedra - Arquitectos de tranquilidad tecnol\u00f3gica","isPartOf":{"@id":"https:\/\/tedra.com\/es\/#website"},"primaryImageOfPage":{"@id":"https:\/\/tedra.com\/es\/tedra-lanza-su-nueva-web\/#primaryimage"},"image":{"@id":"https:\/\/tedra.com\/es\/tedra-lanza-su-nueva-web\/#primaryimage"},"thumbnailUrl":"https:\/\/tedra.com\/wp-content\/uploads\/2023\/03\/tedra-nueva-web.png","datePublished":"2024-09-20T08:56:51+00:00","dateModified":"2024-09-20T09:09:02+00:00","breadcrumb":{"@id":"https:\/\/tedra.com\/es\/tedra-lanza-su-nueva-web\/#breadcrumb"},"inLanguage":"es","potentialAction":[{"@type":"ReadAction","target":["https:\/\/tedra.com\/es\/tedra-lanza-su-nueva-web\/"]}]},{"@type":"ImageObject","inLanguage":"es","@id":"https:\/\/tedra.com\/es\/tedra-lanza-su-nueva-web\/#primaryimage","url":"https:\/\/tedra.com\/wp-content\/uploads\/2023\/03\/tedra-nueva-web.png","contentUrl":"https:\/\/tedra.com\/wp-content\/uploads\/2023\/03\/tedra-nueva-web.png","width":1850,"height":1070,"caption":"tedra-nueva-web"},{"@type":"BreadcrumbList","@id":"https:\/\/tedra.com\/es\/tedra-lanza-su-nueva-web\/#breadcrumb","itemListElement":[{"@type":"ListItem","position":1,"name":"Portada","item":"https:\/\/tedra.com\/es\/"},{"@type":"ListItem","position":2,"name":"Tedra lanza su nueva web"}]},{"@type":"WebSite","@id":"https:\/\/tedra.com\/es\/#website","url":"https:\/\/tedra.com\/es\/","name":"Tedra - Arquitectos de tranquilidad tecnol\u00f3gica","description":"","publisher":{"@id":"https:\/\/tedra.com\/es\/#organization"},"potentialAction":[{"@type":"SearchAction","target":{"@type":"EntryPoint","urlTemplate":"https:\/\/tedra.com\/es\/?s={search_term_string}"},"query-input":{"@type":"PropertyValueSpecification","valueRequired":true,"valueName":"search_term_string"}}],"inLanguage":"es"},{"@type":"Organization","@id":"https:\/\/tedra.com\/es\/#organization","name":"Tedra - Arquitectos de tranquilidad tecnol\u00f3gica","url":"https:\/\/tedra.com\/es\/","logo":{"@type":"ImageObject","inLanguage":"es","@id":"https:\/\/tedra.com\/es\/#\/schema\/logo\/image\/","url":"https:\/\/tedra.com\/wp-content\/uploads\/2023\/03\/logotipo_tedra_retina2x_color.png","contentUrl":"https:\/\/tedra.com\/wp-content\/uploads\/2023\/03\/logotipo_tedra_retina2x_color.png","width":1638,"height":406,"caption":"Tedra - Arquitectos de tranquilidad tecnol\u00f3gica"},"image":{"@id":"https:\/\/tedra.com\/es\/#\/schema\/logo\/image\/"},"sameAs":["https:\/\/www.facebook.com\/tedragroup"]},{"@type":"Person","@id":"https:\/\/tedra.com\/es\/#\/schema\/person\/befa6996114cea6832143c81dcb36aad","name":"Nacho Vaquero","image":{"@type":"ImageObject","inLanguage":"es","@id":"https:\/\/tedra.com\/es\/#\/schema\/person\/image\/","url":"https:\/\/secure.gravatar.com\/avatar\/4630661022a0927ada757417483ae53eb0ad1acb68a6ee6dc8269919410aa046?s=96&d=mm&r=g","contentUrl":"https:\/\/secure.gravatar.com\/avatar\/4630661022a0927ada757417483ae53eb0ad1acb68a6ee6dc8269919410aa046?s=96&d=mm&r=g","caption":"Nacho Vaquero"},"url":"https:\/\/tedra.com\/es\/author\/nvaquero\/"}]}},"_links":{"self":[{"href":"https:\/\/tedra.com\/es\/wp-json\/wp\/v2\/posts\/989575","targetHints":{"allow":["GET"]}}],"collection":[{"href":"https:\/\/tedra.com\/es\/wp-json\/wp\/v2\/posts"}],"about":[{"href":"https:\/\/tedra.com\/es\/wp-json\/wp\/v2\/types\/post"}],"author":[{"embeddable":true,"href":"https:\/\/tedra.com\/es\/wp-json\/wp\/v2\/users\/3"}],"replies":[{"embeddable":true,"href":"https:\/\/tedra.com\/es\/wp-json\/wp\/v2\/comments?post=989575"}],"version-history":[{"count":11,"href":"https:\/\/tedra.com\/es\/wp-json\/wp\/v2\/posts\/989575\/revisions"}],"predecessor-version":[{"id":989598,"href":"https:\/\/tedra.com\/es\/wp-json\/wp\/v2\/posts\/989575\/revisions\/989598"}],"wp:featuredmedia":[{"embeddable":true,"href":"https:\/\/tedra.com\/es\/wp-json\/wp\/v2\/media\/989567"}],"wp:attachment":[{"href":"https:\/\/tedra.com\/es\/wp-json\/wp\/v2\/media?parent=989575"}],"wp:term":[{"taxonomy":"category","embeddable":true,"href":"https:\/\/tedra.com\/es\/wp-json\/wp\/v2\/categories?post=989575"},{"taxonomy":"post_tag","embeddable":true,"href":"https:\/\/tedra.com\/es\/wp-json\/wp\/v2\/tags?post=989575"}],"curies":[{"name":"wp","href":"https:\/\/api.w.org\/{rel}","templated":true}]}}